{"id":2903,"date":"2022-01-26T12:55:20","date_gmt":"2022-01-26T15:55:20","guid":{"rendered":"https:\/\/familiaschroeder.com\/arg\/?p=2903"},"modified":"2022-01-26T12:56:24","modified_gmt":"2022-01-26T15:56:24","slug":"arte-y-vino","status":"publish","type":"post","link":"https:\/\/familiaschroeder.com\/arg\/arte-y-vino\/","title":{"rendered":"Arte y Vino vuelve a Bodega Familia Schroeder"},"content":{"rendered":"<div class=\"wpb-content-wrapper\"><p>[vc_row css=&#8221;.vc_custom_1584556788583{margin-top: 0px !important;padding-top: 0px !important;}&#8221;][vc_column]<style>.ld_fancy_heading_69f41c55e001e h2 {margin-top:-50px !important;  } .ld_fancy_heading_69f41c55e001e .lqd-highlight-inner{height:0.275em;bottom:0px;}.ld_fancy_heading_69f41c55e001e h2 {margin-top:-50px !important;  } <\/style><div class=\"ld-fancy-heading text-center ld_fancy_heading_69f41c55e001e\">\n\t<h2 class=\"lqd-highlight-underline lqd-highlight-grow-left\" ><span class=\"ld-fh-txt\"> <\/p>\n<p style=\"text-align: center\"><b>Arte y Vino vuelve a Bodega Familia Schroeder <\/b><\/p>\n<p><\/span><\/h2><\/div><style>.ld_fancy_heading_69f41c55e05bb h2 {margin-top:-50px !important;  } .ld_fancy_heading_69f41c55e05bb .lqd-highlight-inner{height:0.275em;bottom:0px;}.ld_fancy_heading_69f41c55e05bb h2 {margin-top:-50px !important;  } <\/style><div class=\"ld-fancy-heading text-center ld_fancy_heading_69f41c55e05bb\">\n\t<h2 class=\"lqd-highlight-underline lqd-highlight-grow-left\" ><span class=\"ld-fh-txt\"> <\/p>\n<h5 style=\"text-align: center\"><b>Artista invitada &#8211; Katia Benko<\/b><\/h5>\n<p><\/span><\/h2><\/div>[\/vc_column][\/vc_row][vc_row][vc_column][vc_column_text]<\/p>\n<p style=\"text-align: center;\"><span style=\"font-weight: 400;\">A partir de este s\u00e1bado 22 de enero,<\/span><span style=\"font-weight: 400;\"> Bodega<\/span> <span style=\"font-weight: 400;\">Familia Schroeder albergar\u00e1 nuevamente el cl\u00e1sico ciclo \u201cArte y Vino\u201d con la inauguraci\u00f3n de la muestra de la artista neuquina <\/span><span style=\"font-weight: 400;\">Katia Benko en la que expondr\u00e1 sus tres \u00faltimas colecciones: <\/span><i><span style=\"font-weight: 400;\">Mi Resiliencia, Ichinen y Futuro<\/span><\/i><span style=\"font-weight: 400;\">. El vernissage se realizar\u00e1 a las 11 horas con un brunch a cargo de la cocina de Saurus Restautant y espumantes de la bodega.<\/span><\/p>\n<p style=\"text-align: center;\"><span style=\"font-weight: 400;\">Katia Benko es nacida en Neuqu\u00e9n. Inici\u00f3 su relaci\u00f3n con la pintura a los 8 a\u00f1os y desde entonces despert\u00f3 en ella la mejor herramienta de expresi\u00f3n, comunicaci\u00f3n y conexi\u00f3n con el mundo que la rodea. <\/span><span style=\"font-weight: 400;\">La pintura en \u00f3leo es su t\u00e9cnica preferida y elegida al d\u00eda de hoy, <\/span><i><span style=\"font-weight: 400;\">\u201clos colores no tienen l\u00edmites precisos, pueden esfumarse y lograr tonalidades nuevas, sensaciones inesperadas\u201d<\/span><\/i><span style=\"font-weight: 400;\">, describe la artista.<\/span><\/p>\n<p style=\"text-align: center;\"><i><span style=\"font-weight: 400;\">\u201cLa creaci\u00f3n de cada obra significa entrar en mi mundo, m\u00e1s all\u00e1 del consiente, descubrir lo que siento\u201d<\/span><\/i><span style=\"font-weight: 400;\">, explica Katia<\/span><span style=\"font-weight: 400;\">. Cada colecci\u00f3n de arte contempla momentos bisagra o especiales en su vida. \u201c<\/span><i><span style=\"font-weight: 400;\">MI RESILIENCIA, representa el inicio de una nueva etapa; un nuevo renacer en el contexto de esta gran pandemia y situaci\u00f3n mundial. No se trata simplemente de recomponer los pedazos rotos sino de mezclarlos de una manera diferente para crear algo nuevo que nos permita crecer como personas<\/span><\/i><span style=\"font-weight: 400;\">\u201d.<\/span><\/p>\n<p style=\"text-align: center;\"><span style=\"font-weight: 400;\">La segunda colecci\u00f3n que se podr\u00e1 <\/span><span style=\"font-weight: 400;\">contemplar este s\u00e1bado en \u201cArte y Vino\u201d<\/span><span style=\"font-weight: 400;\"> est\u00e1 basada en el principio japon\u00e9s de <\/span><i><span style=\"font-weight: 400;\">ICHINEN &#8211;<\/span><\/i><span style=\"font-weight: 400;\"> indica la entidad de la vida &#8211; y<\/span><i><span style=\"font-weight: 400;\"> Sanzen<\/span><\/i><span style=\"font-weight: 400;\"> &#8211; se refiere a los aspectos y fases cambiantes que esta asume-. <\/span><i><span style=\"font-weight: 400;\">\u201cLas pinturas reflejan los diez estados o condiciones en las que una entidad de vida se manifiesta en el curso del tiempo: Infierno, Hambre, Animalidad, Ira, Humanidad, \u00c9xtasis, Aprendizaje, Realizaci\u00f3n, Bodhisattva y Budeidad\u201d<\/span><\/i><span style=\"font-weight: 400;\">, afirma Benko.<\/span><\/p>\n<p style=\"text-align: center;\"><span style=\"font-weight: 400;\">En la \u00faltima colecci\u00f3n la artista neuquina responde a las preguntas \u201c\u00bfQu\u00e9 tipo de futuro imagino?\u201d \u201c\u00bfQu\u00e9 tipo de yo estoy tratando de desarrollar?\u201d \u201c\u00bfQu\u00e9 quiero lograr en mi vida?\u201d. <\/span><i><span style=\"font-weight: 400;\">\u201cEstas pinturas se convierten en el dise\u00f1o de mi FUTURO. Cada obra es expresi\u00f3n de mi FUTURO. Cada una forma parte del proyecto y todas forman el proyecto\u201d<\/span><\/i><span style=\"font-weight: 400;\">, reflexiona.\u00a0<\/span><\/p>\n<p style=\"text-align: center;\"><span style=\"font-weight: 400;\">\u201cArte y Vino\u201d es una iniciativa de la bodega patag\u00f3nica que naci\u00f3 en 2010 con el objetivo de promover artistas regionales en exposiciones trimestrales. La exposici\u00f3n<\/span><span style=\"font-weight: 400;\"> podr\u00e1 visitarse <\/span><span style=\"font-weight: 400;\">en la sala Rosa de los Vientos <\/span><span style=\"font-weight: 400;\">de <\/span><span style=\"font-weight: 400;\">Bodega<\/span><b> Familia Schroeder<\/b><span style=\"font-weight: 400;\"> hasta el mes de marzo.<\/span><\/p>\n<p style=\"text-align: center;\"><span style=\"font-weight: 400;\">Adem\u00e1s, la Bodega est\u00e1 dise\u00f1ada especialmente para recibir visitas. A su atractivo natural se suma \u201cla Cava del dinosaurio\u201d, lugar en el se exhiben los f\u00f3siles de un ejemplar de 75 millones de a\u00f1os que fueron hallados durante la construcci\u00f3n de la bodega. Este descubrimiento inspir\u00f3 el nombre se sus vinos y el restaurant <\/span><b>Saurus<\/b><span style=\"font-weight: 400;\">, donde se puede disfrutar de la cocina patag\u00f3nica, a cargo del chef Ezequiel Gonz\u00e1lez, con vista panor\u00e1mica de los vi\u00f1edos.<\/span><\/p>\n<p style=\"text-align: center;\"><span style=\"font-weight: 400;\">Para este s\u00e1bado, los asistentes a la inauguraci\u00f3n que luego deseen almorzar en Saurus Restaurant o en un picnic al aire libre, pueden realizar su reserva previa comunic\u00e1ndose al: +54 9 299-409 1754 \/ <\/span><a href=\"mailto:restaurantenbodega@familiaschroeder.com\"><span style=\"font-weight: 400;\">restaurantenbodega@familiaschroeder.com<\/span><\/a><\/p>\n<p>[\/vc_column_text][\/vc_column][\/vc_row][vc_row responsive_css=&#8221;padding_right_large:5%25|padding_left_large:5%25&#8243;][vc_column][vc_empty_space][\/vc_column][\/vc_row][vc_row][vc_column][vc_gallery interval=&#8221;3&#8243; images=&#8221;2904,2905,2906&#8243; img_size=&#8221;large&#8221; onclick=&#8221;&#8221;][\/vc_column][\/vc_row]<\/p>\n<\/div>","protected":false},"excerpt":{"rendered":"<p>A partir de este s\u00e1bado 22 de enero, Bodega Familia Schroeder albergar\u00e1 nuevamente el cl\u00e1sico ciclo \u201cArte y Vino\u201d con la inauguraci\u00f3n de la muestra de la artista neuquina Katia Benko en la que expondr\u00e1 sus tres \u00faltimas colecciones: Mi Resiliencia, Ichinen y Futuro. <\/p>\n","protected":false},"author":1,"featured_media":2906,"comment_status":"closed","ping_status":"closed","sticky":false,"template":"","format":"standard","meta":{"_acf_changed":false,"_monsterinsights_skip_tracking":false,"_monsterinsights_sitenote_active":false,"_monsterinsights_sitenote_note":"","_monsterinsights_sitenote_category":0,"footnotes":""},"categories":[36,35],"tags":[],"class_list":["post-2903","post","type-post","status-publish","format-standard","has-post-thumbnail","hentry","category-blog","category-noticias"],"acf":[],"yoast_head":"<!-- This site is optimized with the Yoast SEO plugin v27.5 - https:\/\/yoast.com\/product\/yoast-seo-wordpress\/ -->\n<title>Arte y Vino vuelve a Bodega Familia Schroeder | Familia Schroeder<\/title>\n<meta name=\"robots\" content=\"index, follow, max-snippet:-1, max-image-preview:large, max-video-preview:-1\" \/>\n<link rel=\"canonical\" href=\"https:\/\/familiaschroeder.com\/arg\/arte-y-vino\/\" \/>\n<meta property=\"og:locale\" content=\"es_ES\" \/>\n<meta property=\"og:type\" content=\"article\" \/>\n<meta property=\"og:title\" content=\"Arte y Vino vuelve a Bodega Familia Schroeder | Familia Schroeder\" \/>\n<meta property=\"og:description\" content=\"A partir de este s\u00e1bado 22 de enero, Bodega Familia Schroeder albergar\u00e1 nuevamente el cl\u00e1sico ciclo \u201cArte y Vino\u201d con la inauguraci\u00f3n de la muestra de la artista neuquina Katia Benko en la que expondr\u00e1 sus tres \u00faltimas colecciones: Mi Resiliencia, Ichinen y Futuro.\" \/>\n<meta property=\"og:url\" content=\"https:\/\/familiaschroeder.com\/arg\/arte-y-vino\/\" \/>\n<meta property=\"og:site_name\" content=\"Familia Schroeder\" \/>\n<meta property=\"article:publisher\" content=\"https:\/\/www.facebook.com\/BodegaFamiliaSchroeder\/\" \/>\n<meta property=\"article:published_time\" content=\"2022-01-26T15:55:20+00:00\" \/>\n<meta property=\"article:modified_time\" content=\"2022-01-26T15:56:24+00:00\" \/>\n<meta property=\"og:image\" content=\"https:\/\/familiaschroeder.com\/arg\/wp-content\/uploads\/2022\/01\/katia.rte_.jpg\" \/>\n\t<meta property=\"og:image:width\" content=\"1280\" \/>\n\t<meta property=\"og:image:height\" content=\"910\" \/>\n\t<meta property=\"og:image:type\" content=\"image\/jpeg\" \/>\n<meta name=\"author\" content=\"admin\" \/>\n<meta name=\"twitter:card\" content=\"summary_large_image\" \/>\n<meta name=\"twitter:label1\" content=\"Escrito por\" \/>\n\t<meta name=\"twitter:data1\" content=\"admin\" \/>\n\t<meta name=\"twitter:label2\" content=\"Tiempo de lectura\" \/>\n\t<meta name=\"twitter:data2\" content=\"3 minutos\" \/>\n<script type=\"application\/ld+json\" class=\"yoast-schema-graph\">{\"@context\":\"https:\\\/\\\/schema.org\",\"@graph\":[{\"@type\":\"Article\",\"@id\":\"https:\\\/\\\/familiaschroeder.com\\\/arg\\\/arte-y-vino\\\/#article\",\"isPartOf\":{\"@id\":\"https:\\\/\\\/familiaschroeder.com\\\/arg\\\/arte-y-vino\\\/\"},\"author\":{\"name\":\"admin\",\"@id\":\"https:\\\/\\\/familiaschroeder.com\\\/arg\\\/#\\\/schema\\\/person\\\/d4bc60b21d4cdadbd6e71280c7c81958\"},\"headline\":\"Arte y Vino vuelve a Bodega Familia Schroeder\",\"datePublished\":\"2022-01-26T15:55:20+00:00\",\"dateModified\":\"2022-01-26T15:56:24+00:00\",\"mainEntityOfPage\":{\"@id\":\"https:\\\/\\\/familiaschroeder.com\\\/arg\\\/arte-y-vino\\\/\"},\"wordCount\":653,\"publisher\":{\"@id\":\"https:\\\/\\\/familiaschroeder.com\\\/arg\\\/#organization\"},\"image\":{\"@id\":\"https:\\\/\\\/familiaschroeder.com\\\/arg\\\/arte-y-vino\\\/#primaryimage\"},\"thumbnailUrl\":\"https:\\\/\\\/familiaschroeder.com\\\/arg\\\/wp-content\\\/uploads\\\/2022\\\/01\\\/katia.rte_.jpg\",\"articleSection\":[\"Blog\",\"Noticias\"],\"inLanguage\":\"es-AR\"},{\"@type\":\"WebPage\",\"@id\":\"https:\\\/\\\/familiaschroeder.com\\\/arg\\\/arte-y-vino\\\/\",\"url\":\"https:\\\/\\\/familiaschroeder.com\\\/arg\\\/arte-y-vino\\\/\",\"name\":\"Arte y Vino vuelve a Bodega Familia Schroeder | Familia Schroeder\",\"isPartOf\":{\"@id\":\"https:\\\/\\\/familiaschroeder.com\\\/arg\\\/#website\"},\"primaryImageOfPage\":{\"@id\":\"https:\\\/\\\/familiaschroeder.com\\\/arg\\\/arte-y-vino\\\/#primaryimage\"},\"image\":{\"@id\":\"https:\\\/\\\/familiaschroeder.com\\\/arg\\\/arte-y-vino\\\/#primaryimage\"},\"thumbnailUrl\":\"https:\\\/\\\/familiaschroeder.com\\\/arg\\\/wp-content\\\/uploads\\\/2022\\\/01\\\/katia.rte_.jpg\",\"datePublished\":\"2022-01-26T15:55:20+00:00\",\"dateModified\":\"2022-01-26T15:56:24+00:00\",\"breadcrumb\":{\"@id\":\"https:\\\/\\\/familiaschroeder.com\\\/arg\\\/arte-y-vino\\\/#breadcrumb\"},\"inLanguage\":\"es-AR\",\"potentialAction\":[{\"@type\":\"ReadAction\",\"target\":[\"https:\\\/\\\/familiaschroeder.com\\\/arg\\\/arte-y-vino\\\/\"]}]},{\"@type\":\"ImageObject\",\"inLanguage\":\"es-AR\",\"@id\":\"https:\\\/\\\/familiaschroeder.com\\\/arg\\\/arte-y-vino\\\/#primaryimage\",\"url\":\"https:\\\/\\\/familiaschroeder.com\\\/arg\\\/wp-content\\\/uploads\\\/2022\\\/01\\\/katia.rte_.jpg\",\"contentUrl\":\"https:\\\/\\\/familiaschroeder.com\\\/arg\\\/wp-content\\\/uploads\\\/2022\\\/01\\\/katia.rte_.jpg\",\"width\":1280,\"height\":910},{\"@type\":\"BreadcrumbList\",\"@id\":\"https:\\\/\\\/familiaschroeder.com\\\/arg\\\/arte-y-vino\\\/#breadcrumb\",\"itemListElement\":[{\"@type\":\"ListItem\",\"position\":1,\"name\":\"Portada\",\"item\":\"https:\\\/\\\/familiaschroeder.com\\\/arg\\\/\"},{\"@type\":\"ListItem\",\"position\":2,\"name\":\"Arte y Vino vuelve a Bodega Familia Schroeder\"}]},{\"@type\":\"WebSite\",\"@id\":\"https:\\\/\\\/familiaschroeder.com\\\/arg\\\/#website\",\"url\":\"https:\\\/\\\/familiaschroeder.com\\\/arg\\\/\",\"name\":\"Bodega Familia Schroeder\",\"description\":\"Nuestra Bodega est\u00e1 ubicada en la Patagonia, donde se cultivan vides de la m\u00e1s alta calidad enol\u00f3gica.\",\"publisher\":{\"@id\":\"https:\\\/\\\/familiaschroeder.com\\\/arg\\\/#organization\"},\"alternateName\":\"Familia Schroeder\",\"potentialAction\":[{\"@type\":\"SearchAction\",\"target\":{\"@type\":\"EntryPoint\",\"urlTemplate\":\"https:\\\/\\\/familiaschroeder.com\\\/arg\\\/?s={search_term_string}\"},\"query-input\":{\"@type\":\"PropertyValueSpecification\",\"valueRequired\":true,\"valueName\":\"search_term_string\"}}],\"inLanguage\":\"es-AR\"},{\"@type\":\"Organization\",\"@id\":\"https:\\\/\\\/familiaschroeder.com\\\/arg\\\/#organization\",\"name\":\"Bodega Familia Schroeder\",\"url\":\"https:\\\/\\\/familiaschroeder.com\\\/arg\\\/\",\"logo\":{\"@type\":\"ImageObject\",\"inLanguage\":\"es-AR\",\"@id\":\"https:\\\/\\\/familiaschroeder.com\\\/arg\\\/#\\\/schema\\\/logo\\\/image\\\/\",\"url\":\"https:\\\/\\\/familiaschroeder.com\\\/arg\\\/wp-content\\\/uploads\\\/2020\\\/03\\\/logodarks.png\",\"contentUrl\":\"https:\\\/\\\/familiaschroeder.com\\\/arg\\\/wp-content\\\/uploads\\\/2020\\\/03\\\/logodarks.png\",\"width\":203,\"height\":61,\"caption\":\"Bodega Familia Schroeder\"},\"image\":{\"@id\":\"https:\\\/\\\/familiaschroeder.com\\\/arg\\\/#\\\/schema\\\/logo\\\/image\\\/\"},\"sameAs\":[\"https:\\\/\\\/www.facebook.com\\\/BodegaFamiliaSchroeder\\\/\",\"https:\\\/\\\/www.instagram.com\\\/schroederwines\\\/\",\"https:\\\/\\\/www.tripadvisor.com.ar\\\/Restaurant_Review-g3750325-d2314259-Reviews-Saurus_Restaurant-San_Patricio_del_Chanar_Province_of_Neuquen_Patagonia.html\",\"https:\\\/\\\/www.youtube.com\\\/channel\\\/UCThjlHwf8529C5Bg-nVy1Lg\"]},{\"@type\":\"Person\",\"@id\":\"https:\\\/\\\/familiaschroeder.com\\\/arg\\\/#\\\/schema\\\/person\\\/d4bc60b21d4cdadbd6e71280c7c81958\",\"name\":\"admin\",\"image\":{\"@type\":\"ImageObject\",\"inLanguage\":\"es-AR\",\"@id\":\"https:\\\/\\\/secure.gravatar.com\\\/avatar\\\/95fb124b09f582c14c735b7a65e65852ffbedcd72eb879f6df89d26e75ff320a?s=96&d=mm&r=g\",\"url\":\"https:\\\/\\\/secure.gravatar.com\\\/avatar\\\/95fb124b09f582c14c735b7a65e65852ffbedcd72eb879f6df89d26e75ff320a?s=96&d=mm&r=g\",\"contentUrl\":\"https:\\\/\\\/secure.gravatar.com\\\/avatar\\\/95fb124b09f582c14c735b7a65e65852ffbedcd72eb879f6df89d26e75ff320a?s=96&d=mm&r=g\",\"caption\":\"admin\"},\"url\":\"https:\\\/\\\/familiaschroeder.com\\\/arg\\\/author\\\/admin\\\/\"}]}<\/script>\n<!-- \/ Yoast SEO plugin. -->","yoast_head_json":{"title":"Arte y Vino vuelve a Bodega Familia Schroeder | Familia Schroeder","robots":{"index":"index","follow":"follow","max-snippet":"max-snippet:-1","max-image-preview":"max-image-preview:large","max-video-preview":"max-video-preview:-1"},"canonical":"https:\/\/familiaschroeder.com\/arg\/arte-y-vino\/","og_locale":"es_ES","og_type":"article","og_title":"Arte y Vino vuelve a Bodega Familia Schroeder | Familia Schroeder","og_description":"A partir de este s\u00e1bado 22 de enero, Bodega Familia Schroeder albergar\u00e1 nuevamente el cl\u00e1sico ciclo \u201cArte y Vino\u201d con la inauguraci\u00f3n de la muestra de la artista neuquina Katia Benko en la que expondr\u00e1 sus tres \u00faltimas colecciones: Mi Resiliencia, Ichinen y Futuro.","og_url":"https:\/\/familiaschroeder.com\/arg\/arte-y-vino\/","og_site_name":"Familia Schroeder","article_publisher":"https:\/\/www.facebook.com\/BodegaFamiliaSchroeder\/","article_published_time":"2022-01-26T15:55:20+00:00","article_modified_time":"2022-01-26T15:56:24+00:00","og_image":[{"width":1280,"height":910,"url":"https:\/\/familiaschroeder.com\/arg\/wp-content\/uploads\/2022\/01\/katia.rte_.jpg","type":"image\/jpeg"}],"author":"admin","twitter_card":"summary_large_image","twitter_misc":{"Escrito por":"admin","Tiempo de lectura":"3 minutos"},"schema":{"@context":"https:\/\/schema.org","@graph":[{"@type":"Article","@id":"https:\/\/familiaschroeder.com\/arg\/arte-y-vino\/#article","isPartOf":{"@id":"https:\/\/familiaschroeder.com\/arg\/arte-y-vino\/"},"author":{"name":"admin","@id":"https:\/\/familiaschroeder.com\/arg\/#\/schema\/person\/d4bc60b21d4cdadbd6e71280c7c81958"},"headline":"Arte y Vino vuelve a Bodega Familia Schroeder","datePublished":"2022-01-26T15:55:20+00:00","dateModified":"2022-01-26T15:56:24+00:00","mainEntityOfPage":{"@id":"https:\/\/familiaschroeder.com\/arg\/arte-y-vino\/"},"wordCount":653,"publisher":{"@id":"https:\/\/familiaschroeder.com\/arg\/#organization"},"image":{"@id":"https:\/\/familiaschroeder.com\/arg\/arte-y-vino\/#primaryimage"},"thumbnailUrl":"https:\/\/familiaschroeder.com\/arg\/wp-content\/uploads\/2022\/01\/katia.rte_.jpg","articleSection":["Blog","Noticias"],"inLanguage":"es-AR"},{"@type":"WebPage","@id":"https:\/\/familiaschroeder.com\/arg\/arte-y-vino\/","url":"https:\/\/familiaschroeder.com\/arg\/arte-y-vino\/","name":"Arte y Vino vuelve a Bodega Familia Schroeder | Familia Schroeder","isPartOf":{"@id":"https:\/\/familiaschroeder.com\/arg\/#website"},"primaryImageOfPage":{"@id":"https:\/\/familiaschroeder.com\/arg\/arte-y-vino\/#primaryimage"},"image":{"@id":"https:\/\/familiaschroeder.com\/arg\/arte-y-vino\/#primaryimage"},"thumbnailUrl":"https:\/\/familiaschroeder.com\/arg\/wp-content\/uploads\/2022\/01\/katia.rte_.jpg","datePublished":"2022-01-26T15:55:20+00:00","dateModified":"2022-01-26T15:56:24+00:00","breadcrumb":{"@id":"https:\/\/familiaschroeder.com\/arg\/arte-y-vino\/#breadcrumb"},"inLanguage":"es-AR","potentialAction":[{"@type":"ReadAction","target":["https:\/\/familiaschroeder.com\/arg\/arte-y-vino\/"]}]},{"@type":"ImageObject","inLanguage":"es-AR","@id":"https:\/\/familiaschroeder.com\/arg\/arte-y-vino\/#primaryimage","url":"https:\/\/familiaschroeder.com\/arg\/wp-content\/uploads\/2022\/01\/katia.rte_.jpg","contentUrl":"https:\/\/familiaschroeder.com\/arg\/wp-content\/uploads\/2022\/01\/katia.rte_.jpg","width":1280,"height":910},{"@type":"BreadcrumbList","@id":"https:\/\/familiaschroeder.com\/arg\/arte-y-vino\/#breadcrumb","itemListElement":[{"@type":"ListItem","position":1,"name":"Portada","item":"https:\/\/familiaschroeder.com\/arg\/"},{"@type":"ListItem","position":2,"name":"Arte y Vino vuelve a Bodega Familia Schroeder"}]},{"@type":"WebSite","@id":"https:\/\/familiaschroeder.com\/arg\/#website","url":"https:\/\/familiaschroeder.com\/arg\/","name":"Bodega Familia Schroeder","description":"Nuestra Bodega est\u00e1 ubicada en la Patagonia, donde se cultivan vides de la m\u00e1s alta calidad enol\u00f3gica.","publisher":{"@id":"https:\/\/familiaschroeder.com\/arg\/#organization"},"alternateName":"Familia Schroeder","potentialAction":[{"@type":"SearchAction","target":{"@type":"EntryPoint","urlTemplate":"https:\/\/familiaschroeder.com\/arg\/?s={search_term_string}"},"query-input":{"@type":"PropertyValueSpecification","valueRequired":true,"valueName":"search_term_string"}}],"inLanguage":"es-AR"},{"@type":"Organization","@id":"https:\/\/familiaschroeder.com\/arg\/#organization","name":"Bodega Familia Schroeder","url":"https:\/\/familiaschroeder.com\/arg\/","logo":{"@type":"ImageObject","inLanguage":"es-AR","@id":"https:\/\/familiaschroeder.com\/arg\/#\/schema\/logo\/image\/","url":"https:\/\/familiaschroeder.com\/arg\/wp-content\/uploads\/2020\/03\/logodarks.png","contentUrl":"https:\/\/familiaschroeder.com\/arg\/wp-content\/uploads\/2020\/03\/logodarks.png","width":203,"height":61,"caption":"Bodega Familia Schroeder"},"image":{"@id":"https:\/\/familiaschroeder.com\/arg\/#\/schema\/logo\/image\/"},"sameAs":["https:\/\/www.facebook.com\/BodegaFamiliaSchroeder\/","https:\/\/www.instagram.com\/schroederwines\/","https:\/\/www.tripadvisor.com.ar\/Restaurant_Review-g3750325-d2314259-Reviews-Saurus_Restaurant-San_Patricio_del_Chanar_Province_of_Neuquen_Patagonia.html","https:\/\/www.youtube.com\/channel\/UCThjlHwf8529C5Bg-nVy1Lg"]},{"@type":"Person","@id":"https:\/\/familiaschroeder.com\/arg\/#\/schema\/person\/d4bc60b21d4cdadbd6e71280c7c81958","name":"admin","image":{"@type":"ImageObject","inLanguage":"es-AR","@id":"https:\/\/secure.gravatar.com\/avatar\/95fb124b09f582c14c735b7a65e65852ffbedcd72eb879f6df89d26e75ff320a?s=96&d=mm&r=g","url":"https:\/\/secure.gravatar.com\/avatar\/95fb124b09f582c14c735b7a65e65852ffbedcd72eb879f6df89d26e75ff320a?s=96&d=mm&r=g","contentUrl":"https:\/\/secure.gravatar.com\/avatar\/95fb124b09f582c14c735b7a65e65852ffbedcd72eb879f6df89d26e75ff320a?s=96&d=mm&r=g","caption":"admin"},"url":"https:\/\/familiaschroeder.com\/arg\/author\/admin\/"}]}},"_links":{"self":[{"href":"https:\/\/familiaschroeder.com\/arg\/wp-json\/wp\/v2\/posts\/2903","targetHints":{"allow":["GET"]}}],"collection":[{"href":"https:\/\/familiaschroeder.com\/arg\/wp-json\/wp\/v2\/posts"}],"about":[{"href":"https:\/\/familiaschroeder.com\/arg\/wp-json\/wp\/v2\/types\/post"}],"author":[{"embeddable":true,"href":"https:\/\/familiaschroeder.com\/arg\/wp-json\/wp\/v2\/users\/1"}],"replies":[{"embeddable":true,"href":"https:\/\/familiaschroeder.com\/arg\/wp-json\/wp\/v2\/comments?post=2903"}],"version-history":[{"count":2,"href":"https:\/\/familiaschroeder.com\/arg\/wp-json\/wp\/v2\/posts\/2903\/revisions"}],"predecessor-version":[{"id":2908,"href":"https:\/\/familiaschroeder.com\/arg\/wp-json\/wp\/v2\/posts\/2903\/revisions\/2908"}],"wp:featuredmedia":[{"embeddable":true,"href":"https:\/\/familiaschroeder.com\/arg\/wp-json\/wp\/v2\/media\/2906"}],"wp:attachment":[{"href":"https:\/\/familiaschroeder.com\/arg\/wp-json\/wp\/v2\/media?parent=2903"}],"wp:term":[{"taxonomy":"category","embeddable":true,"href":"https:\/\/familiaschroeder.com\/arg\/wp-json\/wp\/v2\/categories?post=2903"},{"taxonomy":"post_tag","embeddable":true,"href":"https:\/\/familiaschroeder.com\/arg\/wp-json\/wp\/v2\/tags?post=2903"}],"curies":[{"name":"wp","href":"https:\/\/api.w.org\/{rel}","templated":true}]}}